{"id":2897,"date":"2026-08-17T06:00:37","date_gmt":"2026-08-17T04:00:37","guid":{"rendered":"https:\/\/brbni.com\/?p=2897"},"modified":"2026-08-06T09:22:53","modified_gmt":"2026-08-06T07:22:53","slug":"brbni-a-iaa-transportation-2026-avant-premiere-exclusive-du-nouveau-vehicule-developpe-avec-caselani","status":"publish","type":"post","link":"https:\/\/brbni.com\/fr\/brbni-a-iaa-transportation-2026-avant-premiere-exclusive-du-nouveau-vehicule-developpe-avec-caselani\/","title":{"rendered":"BRBNI \u00e0 IAA Transportation 2026 : avant-premi\u00e8re exclusive du nouveau v\u00e9hicule d\u00e9velopp\u00e9 avec Caselani"},"content":{"rendered":"<div class=\"fusion-fullwidth fullwidth-box fusion-builder-row-1 fusion-flex-container nonhundred-percent-fullwidth non-hundred-percent-height-scrolling\" style=\"--awb-border-radius-top-left:0px;--awb-border-radius-top-right:0px;--awb-border-radius-bottom-right:0px;--awb-border-radius-bottom-left:0px;--awb-flex-wrap:wrap;\" ><div class=\"fusion-builder-row fusion-row fusion-flex-align-items-flex-start fusion-flex-content-wrap\" style=\"max-width:1248px;margin-left: calc(-4% \/ 2 );margin-right: calc(-4% \/ 2 );\"><div class=\"fusion-layout-column fusion_builder_column fusion-builder-column-0 fusion_builder_column_1_1 1_1 fusion-flex-column\" style=\"--awb-bg-size:cover;--awb-width-large:100%;--awb-margin-top-large:0px;--awb-spacing-right-large:1.92%;--awb-margin-bottom-large:0px;--awb-spacing-left-large:1.92%;--awb-width-medium:100%;--awb-spacing-right-medium:1.92%;--awb-spacing-left-medium:1.92%;--awb-width-small:100%;--awb-spacing-right-small:1.92%;--awb-spacing-left-small:1.92%;\"><div class=\"fusion-column-wrapper fusion-flex-justify-content-flex-start fusion-content-layout-column\"><div class=\"fusion-text fusion-text-1\"><p class=\"PDq2pG_selectionAnchorContainer\" data-start=\"110\" data-end=\"361\">Du <strong data-start=\"113\" data-end=\"140\">15 au 20 septembre 2026<\/strong>, nous serons pr\u00e9sents \u00e0 <strong data-start=\"165\" data-end=\"187\">IAA Transportation<\/strong>, le salon international consacr\u00e9 aux v\u00e9hicules utilitaires, au transport, \u00e0 la logistique et aux nouvelles solutions de mobilit\u00e9, qui se tiendra \u00e0 <strong data-start=\"335\" data-end=\"360\">Hanovre, en Allemagne<\/strong>.<\/p>\n<p data-start=\"363\" data-end=\"531\">Retrouvez-nous dans le <strong data-start=\"386\" data-end=\"409\">Hall 13 \u2013 Stand G61<\/strong>, o\u00f9 nous pr\u00e9senterons nos derni\u00e8res innovations d\u00e9di\u00e9es \u00e0 l&rsquo;am\u00e9nagement et \u00e0 la transformation des v\u00e9hicules utilitaires.<\/p>\n<p data-start=\"533\" data-end=\"929\">L&rsquo;\u00e9dition de cette ann\u00e9e sera l&rsquo;occasion de d\u00e9voiler en <strong data-start=\"589\" data-end=\"617\">avant-premi\u00e8re exclusive<\/strong> le nouveau v\u00e9hicule issu de la collaboration entre <strong data-start=\"669\" data-end=\"699\">Car Fibreglass et Caselani<\/strong>. Ce projet associe le design n\u00e9o-r\u00e9tro embl\u00e9matique de Caselani \u00e0 <strong data-start=\"766\" data-end=\"795\">notre toit sur\u00e9lev\u00e9 BRBNI<\/strong>, donnant naissance \u00e0 une solution qui allie style, habitabilit\u00e9 accrue, fonctionnalit\u00e9 et meilleure exploitation du volume int\u00e9rieur.<\/p>\n<p data-start=\"931\" data-end=\"1181\">Le r\u00e9sultat est un v\u00e9hicule \u00e0 l&rsquo;identit\u00e9 forte, con\u00e7u pour offrir de nouvelles possibilit\u00e9s d&rsquo;utilisation dans de nombreux secteurs professionnels tout en r\u00e9pondant aux attentes de ceux qui recherchent un v\u00e9hicule original, polyvalent et fonctionnel.<\/p>\n<p data-start=\"1183\" data-end=\"1543\">Au cours du salon, nous pr\u00e9senterons \u00e9galement nos derni\u00e8res solutions <strong data-start=\"1254\" data-end=\"1278\">BRBNI ABS Components<\/strong>, ainsi que les nouveaut\u00e9s de la marque <strong data-start=\"1318\" data-end=\"1330\">CoverABS<\/strong>. Nous d\u00e9voilerons \u00e9galement un <strong data-start=\"1362\" data-end=\"1401\">nouveau projet BRBNI ABS Components<\/strong>, actuellement en cours de d\u00e9veloppement, qui sera pr\u00e9sent\u00e9 au public pour la toute premi\u00e8re fois \u00e0 l&rsquo;occasion de <strong data-start=\"1515\" data-end=\"1542\">IAA Transportation 2026<\/strong>.<\/p>\n<p data-start=\"1545\" data-end=\"1788\">Des composants ABS destin\u00e9s \u00e0 l&rsquo;am\u00e9nagement des v\u00e9hicules aux solutions d\u00e9velopp\u00e9es pour am\u00e9liorer la fonctionnalit\u00e9 et la polyvalence des v\u00e9hicules utilitaires, les visiteurs pourront d\u00e9couvrir nos produits de pr\u00e8s et rencontrer notre \u00e9quipe.<\/p>\n<p data-start=\"1790\" data-end=\"2209\">IAA Transportation est un rendez-vous incontournable pour les constructeurs, am\u00e9nageurs, fournisseurs et professionnels du secteur venus du monde entier. Pour nous, c&rsquo;est une occasion privil\u00e9gi\u00e9e de pr\u00e9senter nos nouveaux projets, de rencontrer nos clients et partenaires internationaux et de partager notre expertise dans le d\u00e9veloppement de composants et de solutions pour la transformation des v\u00e9hicules utilitaires.<\/p>\n<p data-start=\"2211\" data-end=\"2546\" data-is-last-node=\"\" data-is-only-node=\"\"><strong data-start=\"2211\" data-end=\"2546\" data-is-last-node=\"\">Nous vous donnons rendez-vous \u00e0 IAA Transportation 2026, du 15 au 20 septembre, dans le Hall 13 \u2013 Stand G61, pour d\u00e9couvrir en avant-premi\u00e8re le nouveau projet d\u00e9velopp\u00e9 avec Caselani, les derni\u00e8res solutions BRBNI ABS Components ainsi qu&rsquo;un nouveau projet BRBNI ABS Components pr\u00e9sent\u00e9 pour la premi\u00e8re fois \u00e0 l&rsquo;occasion du salon.<\/strong><\/p>\n<\/div><\/div><\/div><\/div><\/div>\n","protected":false},"excerpt":{"rendered":"","protected":false},"author":2,"featured_media":2892,"comment_status":"closed","ping_status":"closed","sticky":false,"template":"","format":"standard","meta":{"_joinchat":[],"footnotes":""},"categories":[27],"tags":[],"class_list":["post-2897","post","type-post","status-publish","format-standard","has-post-thumbnail","hentry","category-news-fr"],"_links":{"self":[{"href":"https:\/\/brbni.com\/fr\/wp-json\/wp\/v2\/posts\/2897","targetHints":{"allow":["GET"]}}],"collection":[{"href":"https:\/\/brbni.com\/fr\/wp-json\/wp\/v2\/posts"}],"about":[{"href":"https:\/\/brbni.com\/fr\/wp-json\/wp\/v2\/types\/post"}],"author":[{"embeddable":true,"href":"https:\/\/brbni.com\/fr\/wp-json\/wp\/v2\/users\/2"}],"replies":[{"embeddable":true,"href":"https:\/\/brbni.com\/fr\/wp-json\/wp\/v2\/comments?post=2897"}],"version-history":[{"count":1,"href":"https:\/\/brbni.com\/fr\/wp-json\/wp\/v2\/posts\/2897\/revisions"}],"predecessor-version":[{"id":2898,"href":"https:\/\/brbni.com\/fr\/wp-json\/wp\/v2\/posts\/2897\/revisions\/2898"}],"wp:featuredmedia":[{"embeddable":true,"href":"https:\/\/brbni.com\/fr\/wp-json\/wp\/v2\/media\/2892"}],"wp:attachment":[{"href":"https:\/\/brbni.com\/fr\/wp-json\/wp\/v2\/media?parent=2897"}],"wp:term":[{"taxonomy":"category","embeddable":true,"href":"https:\/\/brbni.com\/fr\/wp-json\/wp\/v2\/categories?post=2897"},{"taxonomy":"post_tag","embeddable":true,"href":"https:\/\/brbni.com\/fr\/wp-json\/wp\/v2\/tags?post=2897"}],"curies":[{"name":"wp","href":"https:\/\/api.w.org\/{rel}","templated":true}]}}