{"id":2345,"date":"2024-10-02T15:27:00","date_gmt":"2024-10-02T13:27:00","guid":{"rendered":"https:\/\/brbni.com\/nouveau-kit-toit-sureleve-pour-fiat-doblo-l2\/"},"modified":"2025-10-07T11:49:06","modified_gmt":"2025-10-07T09:49:06","slug":"nouveau-kit-toit-sureleve-pour-fiat-doblo-l2","status":"publish","type":"post","link":"https:\/\/brbni.com\/fr\/nouveau-kit-toit-sureleve-pour-fiat-doblo-l2\/","title":{"rendered":"Nouveau kit toit sur\u00e9lev\u00e9 pour Fiat Dobl\u00f2 L2"},"content":{"rendered":"<p><div class=\"fusion-fullwidth fullwidth-box fusion-builder-row-1 fusion-flex-container nonhundred-percent-fullwidth non-hundred-percent-height-scrolling\" style=\"--awb-border-radius-top-left:0px;--awb-border-radius-top-right:0px;--awb-border-radius-bottom-right:0px;--awb-border-radius-bottom-left:0px;--awb-flex-wrap:wrap;\" ><\/div><div class=\"fusion-builder-row fusion-row fusion-flex-align-items-flex-start fusion-flex-content-wrap\" style=\"max-width:1248px;margin-left: calc(-4% \/ 2 );margin-right: calc(-4% \/ 2 );\"><\/div><div class=\"fusion-layout-column fusion_builder_column fusion-builder-column-0 fusion_builder_column_1_1 1_1 fusion-one-full fusion-column-first fusion-column-last\" style=\"--awb-bg-size:cover;--awb-margin-bottom:0px;width:100%;\"><div class=\"fusion-column-wrapper fusion-flex-column-wrapper-legacy\"><div class=\"fusion-clearfix\"><\/div><\/div><\/div><div class=\"fusion-text fusion-text-1\"><\/div><\/p>\n<p>BRBNI ABS COMPONENTS informe avoir finalis\u00e9 le nouveau kit de rehausse de toit \u00e0 installer en aftermarket pour Fiat Dobl\u00f2 L2 avec double porte arri\u00e8re.<\/p>\n<p>Il s\u2019agit d\u2019un kit comprenant un ch\u00e2ssis m\u00e9tallique de rehausse ainsi que des panneaux ext\u00e9rieurs et int\u00e9rieurs en ABS pr\u00e9form\u00e9, permettant d\u2019augmenter d\u2019environ 30 cm la hauteur du toit du v\u00e9hicule.<\/p>\n<p>La conception a \u00e9t\u00e9 r\u00e9alis\u00e9e \u00e0 l\u2019aide de programmes de simulation sp\u00e9cifiques afin de garantir une qualit\u00e9 et une s\u00e9curit\u00e9 \u00e9lev\u00e9es de la solution.<\/p>\n<p>Le kit sera disponible en 2025 et sera destin\u00e9 \u00e0 des applications pour le transport de passagers (avec ajout de vitrages) et pour le transport de marchandises.<\/p>\n<p>Le kit sera disponible exclusivement aupr\u00e8s des carrossiers officiels Carfibreglass, qui seront d\u00fbment form\u00e9s pour le montage.<\/p>\n<p><a href=\"https:\/\/brbni.com\/wp-content\/uploads\/2024\/10\/HR-doblo.pdf\">HR doblo<\/a><\/p>\n","protected":false},"excerpt":{"rendered":"<p>BRBNI ABS COMPONENTS informe avoir finalis\u00e9 le nouveau kit de  [&#8230;]<\/p>\n","protected":false},"author":2,"featured_media":2346,"comment_status":"closed","ping_status":"open","sticky":false,"template":"","format":"standard","meta":{"_joinchat":[],"footnotes":""},"categories":[27],"tags":[],"class_list":["post-2345","post","type-post","status-publish","format-standard","has-post-thumbnail","hentry","category-news-fr"],"_links":{"self":[{"href":"https:\/\/brbni.com\/fr\/wp-json\/wp\/v2\/posts\/2345","targetHints":{"allow":["GET"]}}],"collection":[{"href":"https:\/\/brbni.com\/fr\/wp-json\/wp\/v2\/posts"}],"about":[{"href":"https:\/\/brbni.com\/fr\/wp-json\/wp\/v2\/types\/post"}],"author":[{"embeddable":true,"href":"https:\/\/brbni.com\/fr\/wp-json\/wp\/v2\/users\/2"}],"replies":[{"embeddable":true,"href":"https:\/\/brbni.com\/fr\/wp-json\/wp\/v2\/comments?post=2345"}],"version-history":[{"count":2,"href":"https:\/\/brbni.com\/fr\/wp-json\/wp\/v2\/posts\/2345\/revisions"}],"predecessor-version":[{"id":2354,"href":"https:\/\/brbni.com\/fr\/wp-json\/wp\/v2\/posts\/2345\/revisions\/2354"}],"wp:featuredmedia":[{"embeddable":true,"href":"https:\/\/brbni.com\/fr\/wp-json\/wp\/v2\/media\/2346"}],"wp:attachment":[{"href":"https:\/\/brbni.com\/fr\/wp-json\/wp\/v2\/media?parent=2345"}],"wp:term":[{"taxonomy":"category","embeddable":true,"href":"https:\/\/brbni.com\/fr\/wp-json\/wp\/v2\/categories?post=2345"},{"taxonomy":"post_tag","embeddable":true,"href":"https:\/\/brbni.com\/fr\/wp-json\/wp\/v2\/tags?post=2345"}],"curies":[{"name":"wp","href":"https:\/\/api.w.org\/{rel}","templated":true}]}}